{"id":14558,"date":"2024-10-18T14:07:29","date_gmt":"2024-10-18T13:07:29","guid":{"rendered":"https:\/\/lifeamarnatura2000.eu\/?p=14558"},"modified":"2024-10-18T14:28:37","modified_gmt":"2024-10-18T13:28:37","slug":"maravillas-del-mar-naturaleza-fauna-e-historia-en-los-ganadores-del-concurso-fotografico-2024","status":"publish","type":"post","link":"https:\/\/lifeamarnatura2000.eu\/es\/maravillas-del-mar-naturaleza-fauna-e-historia-en-los-ganadores-del-concurso-fotografico-2024\/","title":{"rendered":"Maravillas del mar: naturaleza, fauna e historia en los ganadores del concurso fotogr\u00e1fico 2024"},"content":{"rendered":"[vc_row type=\u00bbfull_width_background\u00bb full_screen_row_position=\u00bbmiddle\u00bb column_margin=\u00bbdefault\u00bb column_direction=\u00bbdefault\u00bb column_direction_tablet=\u00bbdefault\u00bb column_direction_phone=\u00bbdefault\u00bb bg_image=\u00bb9220&#8243; bg_image_tablet=\u00bb6448&#8243; bg_image_phone=\u00bb6448&#8243; bg_position=\u00bbcenter center\u00bb background_image_loading=\u00bbdefault\u00bb bg_repeat=\u00bbno-repeat\u00bb scene_position=\u00bbcenter\u00bb top_padding=\u00bb500px\u00bb top_padding_tablet=\u00bb350px\u00bb top_padding_phone=\u00bb250px\u00bb text_color=\u00bbdark\u00bb text_align=\u00bbleft\u00bb row_border_radius=\u00bbnone\u00bb row_border_radius_applies=\u00bbbg\u00bb overflow=\u00bbvisible\u00bb enable_gradient=\u00bbtrue\u00bb color_overlay=\u00bb#001c6b\u00bb advanced_gradient_angle=\u00bb0&#8243; overlay_strength=\u00bb0.8&#8243; gradient_direction=\u00bbtop_to_bottom\u00bb enable_shape_divider=\u00bbtrue\u00bb shape_divider_color=\u00bb#ecfcff\u00bb shape_divider_position=\u00bbbottom\u00bb shape_divider_height=\u00bb30%\u00bb shape_divider_height_tablet=\u00bb25%\u00bb shape_divider_height_phone=\u00bb22%\u00bb bg_image_animation=\u00bbnone\u00bb gradient_type=\u00bbdefault\u00bb shape_type=\u00bbmountains\u00bb][vc_column column_padding=\u00bbno-extra-padding\u00bb column_padding_tablet=\u00bbinherit\u00bb column_padding_phone=\u00bbinherit\u00bb column_padding_position=\u00bball\u00bb column_element_spacing=\u00bbdefault\u00bb background_color_opacity=\u00bb1&#8243; background_hover_color_opacity=\u00bb1&#8243; column_shadow=\u00bbnone\u00bb column_border_radius=\u00bbnone\u00bb column_link_target=\u00bb_self\u00bb column_position=\u00bbdefault\u00bb gradient_direction=\u00bbleft_to_right\u00bb overlay_strength=\u00bb0.3&#8243; width=\u00bb1\/1&#8243; tablet_width_inherit=\u00bbdefault\u00bb tablet_text_alignment=\u00bbdefault\u00bb phone_text_alignment=\u00bbdefault\u00bb animation_type=\u00bbdefault\u00bb bg_image_animation=\u00bbnone\u00bb border_type=\u00bbsimple\u00bb column_border_width=\u00bbnone\u00bb column_border_style=\u00bbsolid\u00bb][\/vc_column][\/vc_row][vc_row type=\u00bbfull_width_background\u00bb full_screen_row_position=\u00bbmiddle\u00bb column_margin=\u00bbdefault\u00bb column_direction=\u00bbdefault\u00bb column_direction_tablet=\u00bbdefault\u00bb column_direction_phone=\u00bbdefault\u00bb bg_color=\u00bb#ecfcff\u00bb scene_position=\u00bbcenter\u00bb top_padding=\u00bb65px\u00bb bottom_padding=\u00bb30px\u00bb top_padding_phone=\u00bb40px\u00bb bottom_padding_phone=\u00bb0px\u00bb constrain_group_8=\u00bbyes\u00bb text_color=\u00bbdark\u00bb text_align=\u00bbleft\u00bb row_border_radius=\u00bbnone\u00bb row_border_radius_applies=\u00bbbg\u00bb overflow=\u00bbvisible\u00bb advanced_gradient_angle=\u00bb0&#8243; overlay_strength=\u00bb0.3&#8243; gradient_direction=\u00bbleft_to_right\u00bb shape_divider_position=\u00bbbottom\u00bb bg_image_animation=\u00bbnone\u00bb gradient_type=\u00bbdefault\u00bb shape_type=\u00bb\u00bb][vc_column column_padding=\u00bbno-extra-padding\u00bb column_padding_tablet=\u00bbinherit\u00bb column_padding_phone=\u00bbinherit\u00bb column_padding_position=\u00bball\u00bb column_element_spacing=\u00bbdefault\u00bb background_color_opacity=\u00bb1&#8243; background_hover_color_opacity=\u00bb1&#8243; column_shadow=\u00bbnone\u00bb column_border_radius=\u00bbnone\u00bb column_link_target=\u00bb_self\u00bb column_position=\u00bbdefault\u00bb advanced_gradient_angle=\u00bb0&#8243; gradient_direction=\u00bbleft_to_right\u00bb overlay_strength=\u00bb0.3&#8243; width=\u00bb1\/12&#8243; tablet_width_inherit=\u00bbdefault\u00bb tablet_text_alignment=\u00bbdefault\u00bb phone_text_alignment=\u00bbdefault\u00bb animation_type=\u00bbdefault\u00bb bg_image_animation=\u00bbnone\u00bb border_type=\u00bbsimple\u00bb column_border_width=\u00bbnone\u00bb column_border_style=\u00bbsolid\u00bb gradient_type=\u00bbdefault\u00bb][\/vc_column][vc_column column_padding=\u00bbno-extra-padding\u00bb column_padding_tablet=\u00bbinherit\u00bb column_padding_phone=\u00bbinherit\u00bb column_padding_position=\u00bball\u00bb column_element_spacing=\u00bbdefault\u00bb background_color_opacity=\u00bb1&#8243; background_hover_color_opacity=\u00bb1&#8243; column_shadow=\u00bbnone\u00bb column_border_radius=\u00bbnone\u00bb column_link_target=\u00bb_self\u00bb column_position=\u00bbdefault\u00bb gradient_direction=\u00bbleft_to_right\u00bb overlay_strength=\u00bb0.3&#8243; width=\u00bb8\/12&#8243; tablet_width_inherit=\u00bbdefault\u00bb tablet_text_alignment=\u00bbdefault\u00bb phone_text_alignment=\u00bbdefault\u00bb animation_type=\u00bbdefault\u00bb bg_image_animation=\u00bbnone\u00bb border_type=\u00bbsimple\u00bb column_border_width=\u00bbnone\u00bb column_border_style=\u00bbsolid\u00bb][vc_custom_heading text=\u00bbMaravillas del mar: naturaleza, fauna e historia en los ganadores del concurso fotogr\u00e1fico 2024&#8243; font_container=\u00bbtag:h1|font_size:40px|text_align:left|color:%230f326c|line_height:48px\u00bb use_theme_fonts=\u00bbyes\u00bb][\/vc_column][\/vc_row][vc_row type=\u00bbfull_width_background\u00bb full_screen_row_position=\u00bbmiddle\u00bb column_margin=\u00bbdefault\u00bb column_direction=\u00bbdefault\u00bb column_direction_tablet=\u00bbdefault\u00bb column_direction_phone=\u00bbdefault\u00bb bg_color=\u00bb#ecfcff\u00bb scene_position=\u00bbcenter\u00bb bottom_padding=\u00bb100px\u00bb bottom_padding_phone=\u00bb40px\u00bb text_color=\u00bbdark\u00bb text_align=\u00bbleft\u00bb row_border_radius=\u00bbnone\u00bb row_border_radius_applies=\u00bbbg\u00bb overflow=\u00bbvisible\u00bb advanced_gradient_angle=\u00bb0&#8243; overlay_strength=\u00bb0.3&#8243; gradient_direction=\u00bbleft_to_right\u00bb shape_divider_position=\u00bbbottom\u00bb bg_image_animation=\u00bbnone\u00bb gradient_type=\u00bbdefault\u00bb shape_type=\u00bb\u00bb][vc_column column_padding=\u00bbno-extra-padding\u00bb column_padding_tablet=\u00bbinherit\u00bb column_padding_phone=\u00bbinherit\u00bb column_padding_position=\u00bball\u00bb column_element_spacing=\u00bbdefault\u00bb background_color_opacity=\u00bb1&#8243; background_hover_color_opacity=\u00bb1&#8243; column_shadow=\u00bbnone\u00bb column_border_radius=\u00bbnone\u00bb column_link_target=\u00bb_self\u00bb column_position=\u00bbdefault\u00bb gradient_direction=\u00bbleft_to_right\u00bb overlay_strength=\u00bb0.3&#8243; width=\u00bb2\/12&#8243; tablet_width_inherit=\u00bbdefault\u00bb tablet_text_alignment=\u00bbdefault\u00bb phone_text_alignment=\u00bbdefault\u00bb animation_type=\u00bbdefault\u00bb bg_image_animation=\u00bbnone\u00bb border_type=\u00bbsimple\u00bb column_border_width=\u00bbnone\u00bb column_border_style=\u00bbsolid\u00bb][\/vc_column][vc_column column_padding=\u00bbno-extra-padding\u00bb column_padding_tablet=\u00bbinherit\u00bb column_padding_phone=\u00bbinherit\u00bb column_padding_position=\u00bball\u00bb column_element_spacing=\u00bbdefault\u00bb background_color_opacity=\u00bb1&#8243; background_hover_color_opacity=\u00bb1&#8243; column_shadow=\u00bbnone\u00bb column_border_radius=\u00bbnone\u00bb column_link_target=\u00bb_self\u00bb column_position=\u00bbdefault\u00bb gradient_direction=\u00bbleft_to_right\u00bb overlay_strength=\u00bb0.3&#8243; width=\u00bb8\/12&#8243; tablet_width_inherit=\u00bbdefault\u00bb tablet_text_alignment=\u00bbdefault\u00bb phone_text_alignment=\u00bbdefault\u00bb animation_type=\u00bbdefault\u00bb bg_image_animation=\u00bbnone\u00bb border_type=\u00bbsimple\u00bb column_border_width=\u00bbnone\u00bb column_border_style=\u00bbsolid\u00bb][vc_column_text el_class=\u00bbcustom-font-size\u00bb]\n<h3>La belleza del mar italiano premiada: aqu\u00ed est\u00e1n las im\u00e1genes ganadoras de \u00abVida sobre y bajo el mar\u00bb LIFE A-MAR NATURA2000<\/h3>\n[\/vc_column_text][vc_column_text el_class=\u00bbcustom-font-size\u00bb]La segunda edici\u00f3n del concurso fotogr\u00e1fico \u00abVida sobre y bajo el mar\u00bb, organizado por Triton en el marco del proyecto LIFE A-MAR NATURA2000, ha premiado las mejores im\u00e1genes que representan los sitios marinos y costeros m\u00e1s sugestivos de Italia. El concurso, orientado a resaltar la biodiversidad y la belleza de las \u00e1reas protegidas de la Red Natura 2000, cont\u00f3 con la participaci\u00f3n de fot\u00f3grafos profesionales y aficionados, con fotograf\u00edas capaces de capturar la esencia y el esplendor del mar italiano.<\/p>\n<p><img decoding=\"async\" loading=\"lazy\" class=\"alignnone size-large wp-image-14531\" src=\"https:\/\/lifeamarnatura2000.eu\/wp-content\/uploads\/2024\/10\/PRIMO_Alessia-La-Porta-foto-relativa-a-un-airone-scattata-nella-Riserva-di-Vendicari-SR-1024x683.jpg\" alt=\"\" width=\"1024\" height=\"683\" srcset=\"https:\/\/lifeamarnatura2000.eu\/wp-content\/uploads\/2024\/10\/PRIMO_Alessia-La-Porta-foto-relativa-a-un-airone-scattata-nella-Riserva-di-Vendicari-SR-1024x683.jpg 1024w, https:\/\/lifeamarnatura2000.eu\/wp-content\/uploads\/2024\/10\/PRIMO_Alessia-La-Porta-foto-relativa-a-un-airone-scattata-nella-Riserva-di-Vendicari-SR-300x200.jpg 300w, https:\/\/lifeamarnatura2000.eu\/wp-content\/uploads\/2024\/10\/PRIMO_Alessia-La-Porta-foto-relativa-a-un-airone-scattata-nella-Riserva-di-Vendicari-SR-768x512.jpg 768w, https:\/\/lifeamarnatura2000.eu\/wp-content\/uploads\/2024\/10\/PRIMO_Alessia-La-Porta-foto-relativa-a-un-airone-scattata-nella-Riserva-di-Vendicari-SR-1536x1024.jpg 1536w, https:\/\/lifeamarnatura2000.eu\/wp-content\/uploads\/2024\/10\/PRIMO_Alessia-La-Porta-foto-relativa-a-un-airone-scattata-nella-Riserva-di-Vendicari-SR-2048x1365.jpg 2048w, https:\/\/lifeamarnatura2000.eu\/wp-content\/uploads\/2024\/10\/PRIMO_Alessia-La-Porta-foto-relativa-a-un-airone-scattata-nella-Riserva-di-Vendicari-SR-900x600.jpg 900w\" sizes=\"(max-width: 1024px) 100vw, 1024px\" \/><strong>Primer Premio:<\/strong> Alessia La Porta obtuvo el primer lugar con una extraordinaria imagen tomada en la Reserva Natural Orientada de Vendicari, Siracusa (ITA090002). La foto retrata una garceta com\u00fan (Egretta garzetta) en primer plano, acompa\u00f1ada al fondo por algunos ejemplares de cig\u00fce\u00f1uelas (Himantopus himantopus) y los restos de la antigua almadraba de Vendicari, que encarna la identidad hist\u00f3rico-cultural del sitio marino de la Red Natura 2000. El jurado eligi\u00f3 esta toma por su capacidad para realzar la belleza del paisaje de la reserva y por el afortunado encuentro con las aves acu\u00e1ticas. \u00a0Vendicari, uno de los lugares m\u00e1s fascinantes de Sicilia, est\u00e1 magn\u00edficamente representado en esta imagen que destaca su patrimonio natural y paisaj\u00edstico.<\/p>\n<p><img decoding=\"async\" loading=\"lazy\" class=\"alignnone size-large wp-image-14534\" src=\"https:\/\/lifeamarnatura2000.eu\/wp-content\/uploads\/2024\/10\/SECONDO_GM_Pesce-pettine_3_Capo-Noli-Savona-1024x683.jpg\" alt=\"\" width=\"1024\" height=\"683\" srcset=\"https:\/\/lifeamarnatura2000.eu\/wp-content\/uploads\/2024\/10\/SECONDO_GM_Pesce-pettine_3_Capo-Noli-Savona-1024x683.jpg 1024w, https:\/\/lifeamarnatura2000.eu\/wp-content\/uploads\/2024\/10\/SECONDO_GM_Pesce-pettine_3_Capo-Noli-Savona-300x200.jpg 300w, https:\/\/lifeamarnatura2000.eu\/wp-content\/uploads\/2024\/10\/SECONDO_GM_Pesce-pettine_3_Capo-Noli-Savona-768x512.jpg 768w, https:\/\/lifeamarnatura2000.eu\/wp-content\/uploads\/2024\/10\/SECONDO_GM_Pesce-pettine_3_Capo-Noli-Savona-1536x1024.jpg 1536w, https:\/\/lifeamarnatura2000.eu\/wp-content\/uploads\/2024\/10\/SECONDO_GM_Pesce-pettine_3_Capo-Noli-Savona-2048x1365.jpg 2048w, https:\/\/lifeamarnatura2000.eu\/wp-content\/uploads\/2024\/10\/SECONDO_GM_Pesce-pettine_3_Capo-Noli-Savona-900x600.jpg 900w\" sizes=\"(max-width: 1024px) 100vw, 1024px\" \/><strong>Segundo Premio:<\/strong> Giovanni Miloro se llev\u00f3 el segundo lugar con una imagen que captura un pez peine (Xyrichtys novacula) en las aguas del sitio costero de Noli &#8211; Bergeggi, en Liguria (IT1323271). La calidad de la imagen y la elecci\u00f3n del tema impresionaron al jurado, ya que esta especie a\u00fan no est\u00e1 muy extendida en el mar de Liguria y prefiere aguas m\u00e1s c\u00e1lidas. La foto captura la esencia de la vida marina de la zona, subrayando la importancia de la conservaci\u00f3n de estas \u00e1reas protegidas.<\/p>\n<p><img decoding=\"async\" loading=\"lazy\" class=\"alignnone size-large wp-image-14537\" src=\"https:\/\/lifeamarnatura2000.eu\/wp-content\/uploads\/2024\/10\/TERZO_AP_Paesaggio_Extraterreste_1_Scogliera_di_Sos_Pupos-1024x683.jpg\" alt=\"\" width=\"1024\" height=\"683\" srcset=\"https:\/\/lifeamarnatura2000.eu\/wp-content\/uploads\/2024\/10\/TERZO_AP_Paesaggio_Extraterreste_1_Scogliera_di_Sos_Pupos-1024x683.jpg 1024w, https:\/\/lifeamarnatura2000.eu\/wp-content\/uploads\/2024\/10\/TERZO_AP_Paesaggio_Extraterreste_1_Scogliera_di_Sos_Pupos-300x200.jpg 300w, https:\/\/lifeamarnatura2000.eu\/wp-content\/uploads\/2024\/10\/TERZO_AP_Paesaggio_Extraterreste_1_Scogliera_di_Sos_Pupos-768x512.jpg 768w, https:\/\/lifeamarnatura2000.eu\/wp-content\/uploads\/2024\/10\/TERZO_AP_Paesaggio_Extraterreste_1_Scogliera_di_Sos_Pupos-1536x1024.jpg 1536w, https:\/\/lifeamarnatura2000.eu\/wp-content\/uploads\/2024\/10\/TERZO_AP_Paesaggio_Extraterreste_1_Scogliera_di_Sos_Pupos-2048x1366.jpg 2048w, https:\/\/lifeamarnatura2000.eu\/wp-content\/uploads\/2024\/10\/TERZO_AP_Paesaggio_Extraterreste_1_Scogliera_di_Sos_Pupos-900x600.jpg 900w\" sizes=\"(max-width: 1024px) 100vw, 1024px\" \/><strong>Tercer Premio:<\/strong> El tercer lugar fue otorgado a Andrea Panozzo, autor de una foto de estilo \u00fanico, realizada en el acantilado de Sos Pupos, Bosa, en Cerde\u00f1a (ITB020041). La imagen, denominada por el autor como \u00abpaisaje extraterrestre\u00bb, llama la atenci\u00f3n la singularidad del h\u00e1bitat costero y la elecci\u00f3n estil\u00edstica de incluir el mar en el horizonte de la toma, detr\u00e1s de las rocas volc\u00e1nicas del acantilado. La particularidad de la fotograf\u00eda se ve a\u00fan m\u00e1s realzada por el hecho de que fue tomada con un tel\u00e9fono inteligente, lo que contribuye a abrir la participaci\u00f3n en este tipo de iniciativas a un p\u00fablico muy amplio, amante del mar y deseoso de compartir su belleza.<\/p>\n<p><img decoding=\"async\" loading=\"lazy\" class=\"alignnone size-large wp-image-14540\" src=\"https:\/\/lifeamarnatura2000.eu\/wp-content\/uploads\/2024\/10\/MENZIONE_FDM_i-due-fratelli_1_Vietri-sul-Mare-1024x683.jpg\" alt=\"\" width=\"1024\" height=\"683\" srcset=\"https:\/\/lifeamarnatura2000.eu\/wp-content\/uploads\/2024\/10\/MENZIONE_FDM_i-due-fratelli_1_Vietri-sul-Mare-1024x683.jpg 1024w, https:\/\/lifeamarnatura2000.eu\/wp-content\/uploads\/2024\/10\/MENZIONE_FDM_i-due-fratelli_1_Vietri-sul-Mare-300x200.jpg 300w, https:\/\/lifeamarnatura2000.eu\/wp-content\/uploads\/2024\/10\/MENZIONE_FDM_i-due-fratelli_1_Vietri-sul-Mare-768x512.jpg 768w, https:\/\/lifeamarnatura2000.eu\/wp-content\/uploads\/2024\/10\/MENZIONE_FDM_i-due-fratelli_1_Vietri-sul-Mare-1536x1024.jpg 1536w, https:\/\/lifeamarnatura2000.eu\/wp-content\/uploads\/2024\/10\/MENZIONE_FDM_i-due-fratelli_1_Vietri-sul-Mare-2048x1365.jpg 2048w, https:\/\/lifeamarnatura2000.eu\/wp-content\/uploads\/2024\/10\/MENZIONE_FDM_i-due-fratelli_1_Vietri-sul-Mare-900x600.jpg 900w\" sizes=\"(max-width: 1024px) 100vw, 1024px\" \/><strong>Menci\u00f3n Especial:<\/strong> Una menci\u00f3n especial fue otorgada a la foto titulada \u00abLos dos hermanos\u00bb, tomada en Vietri sul Mare, Salerno, en la Costa Amalfitana (IT8050054). La imagen, realizada con una t\u00e9cnica de larga exposici\u00f3n, ofrece una sugestiva representaci\u00f3n paisaj\u00edstica que fascin\u00f3 al jurado por la calidad y el efecto art\u00edstico del resultado.<\/p>\n<p>El concurso \u00abVida sobre y bajo el mar\u00bb sigue demostrando la importancia de la fotograf\u00eda como herramienta de concienciaci\u00f3n y promoci\u00f3n de la belleza de los sitios Natura 2000, destacando el valor de la conservaci\u00f3n de las \u00e1reas protegidas italianas.[\/vc_column_text][\/vc_column][\/vc_row]\n","protected":false},"excerpt":{"rendered":"<p>[vc_row type=\u00bbfull_width_background\u00bb full_screen_row_position=\u00bbmiddle\u00bb column_margin=\u00bbdefault\u00bb column_direction=\u00bbdefault\u00bb column_direction_tablet=\u00bbdefault\u00bb column_direction_phone=\u00bbdefault\u00bb bg_image=\u00bb9220&#8243; bg_image_tablet=\u00bb6448&#8243; bg_image_phone=\u00bb6448&#8243; bg_position=\u00bbcenter center\u00bb background_image_loading=\u00bbdefault\u00bb bg_repeat=\u00bbno-repeat\u00bb scene_position=\u00bbcenter\u00bb top_padding=\u00bb500px\u00bb top_padding_tablet=\u00bb350px\u00bb top_padding_phone=\u00bb250px\u00bb text_color=\u00bbdark\u00bb text_align=\u00bbleft\u00bb row_border_radius=\u00bbnone\u00bb row_border_radius_applies=\u00bbbg\u00bb overflow=\u00bbvisible\u00bb enable_gradient=\u00bbtrue\u00bb color_overlay=\u00bb#001c6b\u00bb advanced_gradient_angle=\u00bb0&#8243; overlay_strength=\u00bb0.8&#8243; gradient_direction=\u00bbtop_to_bottom\u00bb enable_shape_divider=\u00bbtrue\u00bb shape_divider_color=\u00bb#ecfcff\u00bb&#8230;<\/p>\n","protected":false},"author":2,"featured_media":14531,"comment_status":"open","ping_status":"open","sticky":false,"template":"","format":"standard","meta":{"inline_featured_image":false,"_monsterinsights_skip_tracking":false,"_monsterinsights_sitenote_active":false,"_monsterinsights_sitenote_note":"","_monsterinsights_sitenote_category":0,"amar_nazione":"","amar_regione":"","amar_codice":"","amar_tipologia":"","amar_ente":"","amar_habitat":"","amar_fauna":"","amar_flora":"","amar_link":"","amar_email":"","amar_contatti":"","amar_media":"","amar_tipo_sito":"","amar_reg_biog":"","amar_aggiorn":"","amar_fuso":"","amar_area":"","amar_perimeter":"","amar_hectares":"","amar_nowprint":"","amar_sic_zsc":"","amar_kml_coords_simple":"","amar_insert_gallery_img":"","amar_gallery_approved":[],"amar_gallery_massive":[]},"categories":[758],"tags":[],"acf":[],"mtags":[],"fimg_url":"https:\/\/lifeamarnatura2000.eu\/wp-content\/uploads\/2024\/10\/PRIMO_Alessia-La-Porta-foto-relativa-a-un-airone-scattata-nella-Riserva-di-Vendicari-SR-scaled.jpg","yoast_head":"<!-- This site is optimized with the Yoast SEO plugin v21.8 - https:\/\/yoast.com\/wordpress\/plugins\/seo\/ -->\n<title>Maravillas del mar: naturaleza, fauna e historia en los ganadores del concurso fotogr\u00e1fico 2024 - LIFE A-MAR<\/title>\n<meta name=\"description\" content=\"La belleza del mar italiano premiada: aqu\u00ed est\u00e1n las im\u00e1genes ganadoras de &quot;Vida sobre y bajo el mar&quot; LIFE A-MAR NATURA2000\" \/>\n<meta name=\"robots\" content=\"index, follow, max-snippet:-1, max-image-preview:large, max-video-preview:-1\" \/>\n<link rel=\"canonical\" href=\"https:\/\/lifeamarnatura2000.eu\/es\/maravillas-del-mar-naturaleza-fauna-e-historia-en-los-ganadores-del-concurso-fotografico-2024\/\" \/>\n<meta property=\"og:locale\" content=\"es_ES\" \/>\n<meta property=\"og:type\" content=\"article\" \/>\n<meta property=\"og:title\" content=\"Maravillas del mar: naturaleza, fauna e historia en los ganadores del concurso fotogr\u00e1fico 2024 - LIFE A-MAR\" \/>\n<meta property=\"og:description\" content=\"La belleza del mar italiano premiada: aqu\u00ed est\u00e1n las im\u00e1genes ganadoras de &quot;Vida sobre y bajo el mar&quot; LIFE A-MAR NATURA2000\" \/>\n<meta property=\"og:url\" content=\"https:\/\/lifeamarnatura2000.eu\/es\/maravillas-del-mar-naturaleza-fauna-e-historia-en-los-ganadores-del-concurso-fotografico-2024\/\" \/>\n<meta property=\"og:site_name\" content=\"LIFE A-MAR\" \/>\n<meta property=\"article:published_time\" content=\"2024-10-18T13:07:29+00:00\" \/>\n<meta property=\"article:modified_time\" content=\"2024-10-18T13:28:37+00:00\" \/>\n<meta property=\"og:image\" content=\"https:\/\/lifeamarnatura2000.eu\/wp-content\/uploads\/2024\/10\/PRIMO_Alessia-La-Porta-foto-relativa-a-un-airone-scattata-nella-Riserva-di-Vendicari-SR-scaled.jpg\" \/>\n\t<meta property=\"og:image:width\" content=\"2560\" \/>\n\t<meta property=\"og:image:height\" content=\"1707\" \/>\n\t<meta property=\"og:image:type\" content=\"image\/jpeg\" \/>\n<meta name=\"author\" content=\"Lifeamar\" \/>\n<meta name=\"twitter:card\" content=\"summary_large_image\" \/>\n<meta name=\"twitter:label1\" content=\"Escrito por\" \/>\n\t<meta name=\"twitter:data1\" content=\"Lifeamar\" \/>\n\t<meta name=\"twitter:label2\" content=\"Tiempo de lectura\" \/>\n\t<meta name=\"twitter:data2\" content=\"6 minutos\" \/>\n<script type=\"application\/ld+json\" class=\"yoast-schema-graph\">{\"@context\":\"https:\/\/schema.org\",\"@graph\":[{\"@type\":\"WebPage\",\"@id\":\"https:\/\/lifeamarnatura2000.eu\/es\/maravillas-del-mar-naturaleza-fauna-e-historia-en-los-ganadores-del-concurso-fotografico-2024\/\",\"url\":\"https:\/\/lifeamarnatura2000.eu\/es\/maravillas-del-mar-naturaleza-fauna-e-historia-en-los-ganadores-del-concurso-fotografico-2024\/\",\"name\":\"Maravillas del mar: naturaleza, fauna e historia en los ganadores del concurso fotogr\u00e1fico 2024 - LIFE A-MAR\",\"isPartOf\":{\"@id\":\"https:\/\/lifeamarnatura2000.eu\/es\/#website\"},\"datePublished\":\"2024-10-18T13:07:29+00:00\",\"dateModified\":\"2024-10-18T13:28:37+00:00\",\"author\":{\"@id\":\"https:\/\/lifeamarnatura2000.eu\/es\/#\/schema\/person\/e1183b37d699903132b643b6e8864861\"},\"description\":\"La belleza del mar italiano premiada: aqu\u00ed est\u00e1n las im\u00e1genes ganadoras de \\\"Vida sobre y bajo el mar\\\" LIFE A-MAR NATURA2000\",\"breadcrumb\":{\"@id\":\"https:\/\/lifeamarnatura2000.eu\/es\/maravillas-del-mar-naturaleza-fauna-e-historia-en-los-ganadores-del-concurso-fotografico-2024\/#breadcrumb\"},\"inLanguage\":\"es\",\"potentialAction\":[{\"@type\":\"ReadAction\",\"target\":[\"https:\/\/lifeamarnatura2000.eu\/es\/maravillas-del-mar-naturaleza-fauna-e-historia-en-los-ganadores-del-concurso-fotografico-2024\/\"]}]},{\"@type\":\"BreadcrumbList\",\"@id\":\"https:\/\/lifeamarnatura2000.eu\/es\/maravillas-del-mar-naturaleza-fauna-e-historia-en-los-ganadores-del-concurso-fotografico-2024\/#breadcrumb\",\"itemListElement\":[{\"@type\":\"ListItem\",\"position\":1,\"name\":\"Home\",\"item\":\"https:\/\/lifeamarnatura2000.eu\/es\/life-a-mar-natura2000-allassemblea-di-federparchi-la-mostra-sul-progetto\/\"},{\"@type\":\"ListItem\",\"position\":2,\"name\":\"Maravillas del mar: naturaleza, fauna e historia en los ganadores del concurso fotogr\u00e1fico 2024\"}]},{\"@type\":\"WebSite\",\"@id\":\"https:\/\/lifeamarnatura2000.eu\/es\/#website\",\"url\":\"https:\/\/lifeamarnatura2000.eu\/es\/\",\"name\":\"LIFE A-MAR\",\"description\":\"Amare il mare e i suoi siti protetti, imparando a conoscerli\",\"potentialAction\":[{\"@type\":\"SearchAction\",\"target\":{\"@type\":\"EntryPoint\",\"urlTemplate\":\"https:\/\/lifeamarnatura2000.eu\/es\/?s={search_term_string}\"},\"query-input\":\"required name=search_term_string\"}],\"inLanguage\":\"es\"},{\"@type\":\"Person\",\"@id\":\"https:\/\/lifeamarnatura2000.eu\/es\/#\/schema\/person\/e1183b37d699903132b643b6e8864861\",\"name\":\"Lifeamar\",\"image\":{\"@type\":\"ImageObject\",\"inLanguage\":\"es\",\"@id\":\"https:\/\/lifeamarnatura2000.eu\/es\/#\/schema\/person\/image\/\",\"url\":\"https:\/\/secure.gravatar.com\/avatar\/ed36ccaff3b632b47ec961e2a90979fd?s=96&d=mm&r=g\",\"contentUrl\":\"https:\/\/secure.gravatar.com\/avatar\/ed36ccaff3b632b47ec961e2a90979fd?s=96&d=mm&r=g\",\"caption\":\"Lifeamar\"}}]}<\/script>\n<!-- \/ Yoast SEO plugin. -->","yoast_head_json":{"title":"Maravillas del mar: naturaleza, fauna e historia en los ganadores del concurso fotogr\u00e1fico 2024 - LIFE A-MAR","description":"La belleza del mar italiano premiada: aqu\u00ed est\u00e1n las im\u00e1genes ganadoras de \"Vida sobre y bajo el mar\" LIFE A-MAR NATURA2000","robots":{"index":"index","follow":"follow","max-snippet":"max-snippet:-1","max-image-preview":"max-image-preview:large","max-video-preview":"max-video-preview:-1"},"canonical":"https:\/\/lifeamarnatura2000.eu\/es\/maravillas-del-mar-naturaleza-fauna-e-historia-en-los-ganadores-del-concurso-fotografico-2024\/","og_locale":"es_ES","og_type":"article","og_title":"Maravillas del mar: naturaleza, fauna e historia en los ganadores del concurso fotogr\u00e1fico 2024 - LIFE A-MAR","og_description":"La belleza del mar italiano premiada: aqu\u00ed est\u00e1n las im\u00e1genes ganadoras de \"Vida sobre y bajo el mar\" LIFE A-MAR NATURA2000","og_url":"https:\/\/lifeamarnatura2000.eu\/es\/maravillas-del-mar-naturaleza-fauna-e-historia-en-los-ganadores-del-concurso-fotografico-2024\/","og_site_name":"LIFE A-MAR","article_published_time":"2024-10-18T13:07:29+00:00","article_modified_time":"2024-10-18T13:28:37+00:00","og_image":[{"width":2560,"height":1707,"url":"https:\/\/lifeamarnatura2000.eu\/wp-content\/uploads\/2024\/10\/PRIMO_Alessia-La-Porta-foto-relativa-a-un-airone-scattata-nella-Riserva-di-Vendicari-SR-scaled.jpg","type":"image\/jpeg"}],"author":"Lifeamar","twitter_card":"summary_large_image","twitter_misc":{"Escrito por":"Lifeamar","Tiempo de lectura":"6 minutos"},"schema":{"@context":"https:\/\/schema.org","@graph":[{"@type":"WebPage","@id":"https:\/\/lifeamarnatura2000.eu\/es\/maravillas-del-mar-naturaleza-fauna-e-historia-en-los-ganadores-del-concurso-fotografico-2024\/","url":"https:\/\/lifeamarnatura2000.eu\/es\/maravillas-del-mar-naturaleza-fauna-e-historia-en-los-ganadores-del-concurso-fotografico-2024\/","name":"Maravillas del mar: naturaleza, fauna e historia en los ganadores del concurso fotogr\u00e1fico 2024 - LIFE A-MAR","isPartOf":{"@id":"https:\/\/lifeamarnatura2000.eu\/es\/#website"},"datePublished":"2024-10-18T13:07:29+00:00","dateModified":"2024-10-18T13:28:37+00:00","author":{"@id":"https:\/\/lifeamarnatura2000.eu\/es\/#\/schema\/person\/e1183b37d699903132b643b6e8864861"},"description":"La belleza del mar italiano premiada: aqu\u00ed est\u00e1n las im\u00e1genes ganadoras de \"Vida sobre y bajo el mar\" LIFE A-MAR NATURA2000","breadcrumb":{"@id":"https:\/\/lifeamarnatura2000.eu\/es\/maravillas-del-mar-naturaleza-fauna-e-historia-en-los-ganadores-del-concurso-fotografico-2024\/#breadcrumb"},"inLanguage":"es","potentialAction":[{"@type":"ReadAction","target":["https:\/\/lifeamarnatura2000.eu\/es\/maravillas-del-mar-naturaleza-fauna-e-historia-en-los-ganadores-del-concurso-fotografico-2024\/"]}]},{"@type":"BreadcrumbList","@id":"https:\/\/lifeamarnatura2000.eu\/es\/maravillas-del-mar-naturaleza-fauna-e-historia-en-los-ganadores-del-concurso-fotografico-2024\/#breadcrumb","itemListElement":[{"@type":"ListItem","position":1,"name":"Home","item":"https:\/\/lifeamarnatura2000.eu\/es\/life-a-mar-natura2000-allassemblea-di-federparchi-la-mostra-sul-progetto\/"},{"@type":"ListItem","position":2,"name":"Maravillas del mar: naturaleza, fauna e historia en los ganadores del concurso fotogr\u00e1fico 2024"}]},{"@type":"WebSite","@id":"https:\/\/lifeamarnatura2000.eu\/es\/#website","url":"https:\/\/lifeamarnatura2000.eu\/es\/","name":"LIFE A-MAR","description":"Amare il mare e i suoi siti protetti, imparando a conoscerli","potentialAction":[{"@type":"SearchAction","target":{"@type":"EntryPoint","urlTemplate":"https:\/\/lifeamarnatura2000.eu\/es\/?s={search_term_string}"},"query-input":"required name=search_term_string"}],"inLanguage":"es"},{"@type":"Person","@id":"https:\/\/lifeamarnatura2000.eu\/es\/#\/schema\/person\/e1183b37d699903132b643b6e8864861","name":"Lifeamar","image":{"@type":"ImageObject","inLanguage":"es","@id":"https:\/\/lifeamarnatura2000.eu\/es\/#\/schema\/person\/image\/","url":"https:\/\/secure.gravatar.com\/avatar\/ed36ccaff3b632b47ec961e2a90979fd?s=96&d=mm&r=g","contentUrl":"https:\/\/secure.gravatar.com\/avatar\/ed36ccaff3b632b47ec961e2a90979fd?s=96&d=mm&r=g","caption":"Lifeamar"}}]}},"_links":{"self":[{"href":"https:\/\/lifeamarnatura2000.eu\/es\/wp-json\/wp\/v2\/posts\/14558"}],"collection":[{"href":"https:\/\/lifeamarnatura2000.eu\/es\/wp-json\/wp\/v2\/posts"}],"about":[{"href":"https:\/\/lifeamarnatura2000.eu\/es\/wp-json\/wp\/v2\/types\/post"}],"author":[{"embeddable":true,"href":"https:\/\/lifeamarnatura2000.eu\/es\/wp-json\/wp\/v2\/users\/2"}],"replies":[{"embeddable":true,"href":"https:\/\/lifeamarnatura2000.eu\/es\/wp-json\/wp\/v2\/comments?post=14558"}],"version-history":[{"count":2,"href":"https:\/\/lifeamarnatura2000.eu\/es\/wp-json\/wp\/v2\/posts\/14558\/revisions"}],"predecessor-version":[{"id":14564,"href":"https:\/\/lifeamarnatura2000.eu\/es\/wp-json\/wp\/v2\/posts\/14558\/revisions\/14564"}],"wp:featuredmedia":[{"embeddable":true,"href":"https:\/\/lifeamarnatura2000.eu\/es\/wp-json\/wp\/v2\/media\/14531"}],"wp:attachment":[{"href":"https:\/\/lifeamarnatura2000.eu\/es\/wp-json\/wp\/v2\/media?parent=14558"}],"wp:term":[{"taxonomy":"category","embeddable":true,"href":"https:\/\/lifeamarnatura2000.eu\/es\/wp-json\/wp\/v2\/categories?post=14558"},{"taxonomy":"post_tag","embeddable":true,"href":"https:\/\/lifeamarnatura2000.eu\/es\/wp-json\/wp\/v2\/tags?post=14558"}],"curies":[{"name":"wp","href":"https:\/\/api.w.org\/{rel}","templated":true}]}}